{"id":9979,"date":"2026-03-15T10:42:09","date_gmt":"2026-03-15T09:42:09","guid":{"rendered":"http:\/\/www.tv-rodenbach.de\/?p=9979"},"modified":"2026-03-15T10:42:09","modified_gmt":"2026-03-15T09:42:09","slug":"die-radsportabteilung-des-tv-rodenbach-informiert-7","status":"publish","type":"post","link":"http:\/\/www.tv-rodenbach.de\/?p=9979","title":{"rendered":"Die Radsportabteilung des TV Rodenbach informiert!"},"content":{"rendered":"<p align=\"JUSTIFY\">In der Abteilungsversammlung vom 26.02.2026 fanden Neuwahlen statt. Christoph Wei\u00df wurde als neuer Abteilungsleiter f\u00fcr die n\u00e4chsten 2 Jahre gew\u00e4hlt. Frank Hadbawnik trat von seinem Amt als Stellvertreter zur\u00fcck. Stefan Metzger \u00fcbernimmt dieses Amt bis zur n\u00e4chsten Abteilungsversammlung 2027, wo die turnusm\u00e4\u00dfige Wahl dieses Amtes ansteht. Frank bleibt der Abteilung als \u00dcbungsleiter erhalten. Er wird nicht nur die Indoor Cycling, sondern auch die Outdoor-Einheiten \u00fcbernehmen.<\/p>\n<p align=\"JUSTIFY\">Die Rennradsaison startet am 28.03.2026, wahrscheinlich um 13:00 Uhr mit unserer Er\u00f6ffnungstour auf dem Rennrad.<\/p>\n<p align=\"JUSTIFY\">Der Trainingsbetrieb startet dann ab dem 01.04.2026. Zus\u00e4tzlich wird auch wieder sonntags nach Absprache mit dem \u00dcbungsleiter gefahren. Treffpunkt ist wie gewohnt mittwochs um 17:30 Uhr und sonntags um 09:30 Uhr an der Halle des TVR in Rodenbach. Es wird in verschiedenen Leistungsgruppen gefahren, so dass sowohl Anf\u00e4nger, als auch ambitionierte Fahrer teilnehmen k\u00f6nnen. Interessierte sind herzlich willkommen.<\/p>\n<p align=\"JUSTIFY\">Weitere Infos: <a href=\"http:\/\/www.tv-rodenbach.de\">www.tv-rodenbach.de<\/a><span style=\"color: #00000a;\"> oder direkt bei Christoph Wei\u00df (0170\/5858575), Stefan Metzger (0179\/3909983) oder Frank Hadbawnik (0179\/7370226). <\/span><\/p>\n","protected":false},"excerpt":{"rendered":"<p>In der Abteilungsversammlung vom 26.02.2026 fanden Neuwahlen statt. Christoph Wei\u00df wurde als neuer Abteilungsleiter f\u00fcr die n\u00e4chsten 2 Jahre gew\u00e4hlt. Frank Hadbawnik trat von seinem Amt als Stellvertreter zur\u00fcck. Stefan Metzger \u00fcbernimmt dieses Amt bis zur n\u00e4chsten Abteilungsversammlung 2027, wo<span class=\"ellipsis\">&hellip;<\/span><\/p>\n<div class=\"read-more\"><a href=\"http:\/\/www.tv-rodenbach.de\/?p=9979\">Weiterlesen <span class=\"screen-reader-text\">Die Radsportabteilung des TV Rodenbach informiert!<\/span><span class=\"meta-nav\"> &#8250;<\/span><\/a><\/div>\n<p><!-- end of .read-more --><\/p>\n","protected":false},"author":1,"featured_media":0,"comment_status":"closed","ping_status":"closed","sticky":false,"template":"","format":"standard","meta":{"ngg_post_thumbnail":0,"footnotes":""},"categories":[17],"tags":[],"class_list":["post-9979","post","type-post","status-publish","format-standard","hentry","category-radsportabteilung"],"_links":{"self":[{"href":"http:\/\/www.tv-rodenbach.de\/index.php?rest_route=\/wp\/v2\/posts\/9979","targetHints":{"allow":["GET"]}}],"collection":[{"href":"http:\/\/www.tv-rodenbach.de\/index.php?rest_route=\/wp\/v2\/posts"}],"about":[{"href":"http:\/\/www.tv-rodenbach.de\/index.php?rest_route=\/wp\/v2\/types\/post"}],"author":[{"embeddable":true,"href":"http:\/\/www.tv-rodenbach.de\/index.php?rest_route=\/wp\/v2\/users\/1"}],"replies":[{"embeddable":true,"href":"http:\/\/www.tv-rodenbach.de\/index.php?rest_route=%2Fwp%2Fv2%2Fcomments&post=9979"}],"version-history":[{"count":1,"href":"http:\/\/www.tv-rodenbach.de\/index.php?rest_route=\/wp\/v2\/posts\/9979\/revisions"}],"predecessor-version":[{"id":9980,"href":"http:\/\/www.tv-rodenbach.de\/index.php?rest_route=\/wp\/v2\/posts\/9979\/revisions\/9980"}],"wp:attachment":[{"href":"http:\/\/www.tv-rodenbach.de\/index.php?rest_route=%2Fwp%2Fv2%2Fmedia&parent=9979"}],"wp:term":[{"taxonomy":"category","embeddable":true,"href":"http:\/\/www.tv-rodenbach.de\/index.php?rest_route=%2Fwp%2Fv2%2Fcategories&post=9979"},{"taxonomy":"post_tag","embeddable":true,"href":"http:\/\/www.tv-rodenbach.de\/index.php?rest_route=%2Fwp%2Fv2%2Ftags&post=9979"}],"curies":[{"name":"wp","href":"https:\/\/api.w.org\/{rel}","templated":true}]}}