{"id":7809,"date":"2023-04-07T08:08:03","date_gmt":"2023-04-07T06:08:03","guid":{"rendered":"http:\/\/www.tv-rodenbach.de\/?p=7809"},"modified":"2023-04-07T08:10:37","modified_gmt":"2023-04-07T06:10:37","slug":"wanderung-am-23-april-2023","status":"publish","type":"post","link":"http:\/\/www.tv-rodenbach.de\/?p=7809","title":{"rendered":"Wanderung am 23. April 2023"},"content":{"rendered":"<h5><span style=\"color: #0000ff;\">Liebe Mitglieder,<\/span><\/h5>\n<p><span style=\"color: #0000ff;\">Stefan hat f\u00fcr uns am 23.04.23 wieder eine Vereinswanderung geplant!<\/span><\/p>\n<p><span style=\"color: #0000ff;\">Es geht nach Lemberg. Die Strecke ist ca. 10 km lang und hat 203 H\u00f6henmeter. Spannende Naturerlebnisse sind auf dem Weg zu entdecken. Der Rundweg f\u00fchrt \u00fcber naturbelassene Wald- und Felsenpfade, vorbei an idyllischen Bachl\u00e4ufen und bietet gro\u00dfartige Ausblicke. In der H\u00e4lfte der Strecke ist eine Einkehrm\u00f6glichkeit. Von daher wandern wir mit &#8222;kleinem&#8220; Gep\u00e4ck.<br \/>\n<\/span><\/p>\n<p><span style=\"color: #0000ff;\">Die Abfahrt, gerne auch in Fahrgemeinschaften, ist an der TV Halle um 9:30 Uhr. <\/span><\/p>\n<p><span style=\"color: #0000ff;\"><strong>Bitte meldet Euch vorab bei Stefan an, da er reservieren mu\u00df.<\/strong> Tel.: 0176 64767856 oder stefan.weiss.rod@gmail.com<\/span><\/p>\n<p><span style=\"color: #0000ff;\">Viel Spa\u00df!<\/span><\/p>\n","protected":false},"excerpt":{"rendered":"<p>Liebe Mitglieder, Stefan hat f\u00fcr uns am 23.04.23 wieder eine Vereinswanderung geplant! Es geht nach Lemberg. Die Strecke ist ca. 10 km lang und hat 203 H\u00f6henmeter. Spannende Naturerlebnisse sind auf dem Weg zu entdecken. Der Rundweg f\u00fchrt \u00fcber naturbelassene<span class=\"ellipsis\">&hellip;<\/span><\/p>\n<div class=\"read-more\"><a href=\"http:\/\/www.tv-rodenbach.de\/?p=7809\">Weiterlesen <span class=\"screen-reader-text\">Wanderung am 23. April 2023<\/span><span class=\"meta-nav\"> &#8250;<\/span><\/a><\/div>\n<p><!-- end of .read-more --><\/p>\n","protected":false},"author":1,"featured_media":0,"comment_status":"closed","ping_status":"closed","sticky":false,"template":"","format":"standard","meta":{"ngg_post_thumbnail":0,"footnotes":""},"categories":[21],"tags":[],"class_list":["post-7809","post","type-post","status-publish","format-standard","hentry","category-turnverein"],"_links":{"self":[{"href":"http:\/\/www.tv-rodenbach.de\/index.php?rest_route=\/wp\/v2\/posts\/7809","targetHints":{"allow":["GET"]}}],"collection":[{"href":"http:\/\/www.tv-rodenbach.de\/index.php?rest_route=\/wp\/v2\/posts"}],"about":[{"href":"http:\/\/www.tv-rodenbach.de\/index.php?rest_route=\/wp\/v2\/types\/post"}],"author":[{"embeddable":true,"href":"http:\/\/www.tv-rodenbach.de\/index.php?rest_route=\/wp\/v2\/users\/1"}],"replies":[{"embeddable":true,"href":"http:\/\/www.tv-rodenbach.de\/index.php?rest_route=%2Fwp%2Fv2%2Fcomments&post=7809"}],"version-history":[{"count":3,"href":"http:\/\/www.tv-rodenbach.de\/index.php?rest_route=\/wp\/v2\/posts\/7809\/revisions"}],"predecessor-version":[{"id":7812,"href":"http:\/\/www.tv-rodenbach.de\/index.php?rest_route=\/wp\/v2\/posts\/7809\/revisions\/7812"}],"wp:attachment":[{"href":"http:\/\/www.tv-rodenbach.de\/index.php?rest_route=%2Fwp%2Fv2%2Fmedia&parent=7809"}],"wp:term":[{"taxonomy":"category","embeddable":true,"href":"http:\/\/www.tv-rodenbach.de\/index.php?rest_route=%2Fwp%2Fv2%2Fcategories&post=7809"},{"taxonomy":"post_tag","embeddable":true,"href":"http:\/\/www.tv-rodenbach.de\/index.php?rest_route=%2Fwp%2Fv2%2Ftags&post=7809"}],"curies":[{"name":"wp","href":"https:\/\/api.w.org\/{rel}","templated":true}]}}