{"id":7280,"date":"2022-10-23T10:06:52","date_gmt":"2022-10-23T08:06:52","guid":{"rendered":"http:\/\/www.tv-rodenbach.de\/?p=7280"},"modified":"2022-10-23T10:07:48","modified_gmt":"2022-10-23T08:07:48","slug":"nachruf-4","status":"publish","type":"post","link":"http:\/\/www.tv-rodenbach.de\/?p=7280","title":{"rendered":"Nachruf"},"content":{"rendered":"<p><img fetchpriority=\"high\" decoding=\"async\" class=\"size-medium wp-image-7281 alignright\" src=\"http:\/\/www.tv-rodenbach.de\/wp-content\/uploads\/2022\/10\/Roland-Grad-206x300.jpg\" alt=\"\" width=\"206\" height=\"300\" srcset=\"http:\/\/www.tv-rodenbach.de\/wp-content\/uploads\/2022\/10\/Roland-Grad-206x300.jpg 206w, http:\/\/www.tv-rodenbach.de\/wp-content\/uploads\/2022\/10\/Roland-Grad-702x1024.jpg 702w, http:\/\/www.tv-rodenbach.de\/wp-content\/uploads\/2022\/10\/Roland-Grad-103x150.jpg 103w, http:\/\/www.tv-rodenbach.de\/wp-content\/uploads\/2022\/10\/Roland-Grad-100x146.jpg 100w, http:\/\/www.tv-rodenbach.de\/wp-content\/uploads\/2022\/10\/Roland-Grad-150x219.jpg 150w, http:\/\/www.tv-rodenbach.de\/wp-content\/uploads\/2022\/10\/Roland-Grad-200x292.jpg 200w, http:\/\/www.tv-rodenbach.de\/wp-content\/uploads\/2022\/10\/Roland-Grad-300x438.jpg 300w, http:\/\/www.tv-rodenbach.de\/wp-content\/uploads\/2022\/10\/Roland-Grad-450x657.jpg 450w, http:\/\/www.tv-rodenbach.de\/wp-content\/uploads\/2022\/10\/Roland-Grad-600x876.jpg 600w, http:\/\/www.tv-rodenbach.de\/wp-content\/uploads\/2022\/10\/Roland-Grad.jpg 768w\" sizes=\"(max-width: 206px) 100vw, 206px\" \/><\/p>\n<p>Der TV Rodenbach trauert um sein langj\u00e4hriges Mitglied Roland Grad.<\/p>\n<p>Roland war seit 1984 Mitglied in unserem Verein.<\/p>\n<p>7 Jahre lang war er als Trainer im Volleyball aktiv.<\/p>\n<p>Im Vorstand war er als Liegenschaftswart von 2001 bis 2007 verantwortlich und wesentlich an unserem Hallenneubau beteiligt.<\/p>\n<p>2019 erhielt er f\u00fcr seine au\u00dferordentlichen Verdienste die Ehrenurkunde des Turnvereins.<\/p>\n<p>Der Clubraum des TVR tr\u00e4gt seinen Namen und hei\u00dft <strong>\u201eRolands St\u00fcbche\u201c<\/strong>.<\/p>\n<p>Mit Roland verliert der Turnverein ein hoch engagiertes und liebenswertes Mitglied.<\/p>\n<p>Unser tiefempfundenes Mitgef\u00fchl geh\u00f6rt seiner Familie und allen Angeh\u00f6rigen.<\/p>\n<p>Der Vorstand<\/p>\n<p>&nbsp;<\/p>\n","protected":false},"excerpt":{"rendered":"<p>Der TV Rodenbach trauert um sein langj\u00e4hriges Mitglied Roland Grad. Roland war seit 1984 Mitglied in unserem Verein. 7 Jahre lang war er als Trainer im Volleyball aktiv. Im Vorstand war er als Liegenschaftswart von 2001 bis 2007 verantwortlich und<span class=\"ellipsis\">&hellip;<\/span><\/p>\n<div class=\"read-more\"><a href=\"http:\/\/www.tv-rodenbach.de\/?p=7280\">Weiterlesen <span class=\"screen-reader-text\">Nachruf<\/span><span class=\"meta-nav\"> &#8250;<\/span><\/a><\/div>\n<p><!-- end of .read-more --><\/p>\n","protected":false},"author":1,"featured_media":0,"comment_status":"closed","ping_status":"closed","sticky":false,"template":"","format":"standard","meta":{"ngg_post_thumbnail":0,"footnotes":""},"categories":[21],"tags":[],"class_list":["post-7280","post","type-post","status-publish","format-standard","hentry","category-turnverein"],"_links":{"self":[{"href":"http:\/\/www.tv-rodenbach.de\/index.php?rest_route=\/wp\/v2\/posts\/7280","targetHints":{"allow":["GET"]}}],"collection":[{"href":"http:\/\/www.tv-rodenbach.de\/index.php?rest_route=\/wp\/v2\/posts"}],"about":[{"href":"http:\/\/www.tv-rodenbach.de\/index.php?rest_route=\/wp\/v2\/types\/post"}],"author":[{"embeddable":true,"href":"http:\/\/www.tv-rodenbach.de\/index.php?rest_route=\/wp\/v2\/users\/1"}],"replies":[{"embeddable":true,"href":"http:\/\/www.tv-rodenbach.de\/index.php?rest_route=%2Fwp%2Fv2%2Fcomments&post=7280"}],"version-history":[{"count":2,"href":"http:\/\/www.tv-rodenbach.de\/index.php?rest_route=\/wp\/v2\/posts\/7280\/revisions"}],"predecessor-version":[{"id":7283,"href":"http:\/\/www.tv-rodenbach.de\/index.php?rest_route=\/wp\/v2\/posts\/7280\/revisions\/7283"}],"wp:attachment":[{"href":"http:\/\/www.tv-rodenbach.de\/index.php?rest_route=%2Fwp%2Fv2%2Fmedia&parent=7280"}],"wp:term":[{"taxonomy":"category","embeddable":true,"href":"http:\/\/www.tv-rodenbach.de\/index.php?rest_route=%2Fwp%2Fv2%2Fcategories&post=7280"},{"taxonomy":"post_tag","embeddable":true,"href":"http:\/\/www.tv-rodenbach.de\/index.php?rest_route=%2Fwp%2Fv2%2Ftags&post=7280"}],"curies":[{"name":"wp","href":"https:\/\/api.w.org\/{rel}","templated":true}]}}